{"id":684,"date":"2024-02-28T15:27:27","date_gmt":"2024-02-28T14:27:27","guid":{"rendered":"https:\/\/ecole-anthropocene.fr\/?p=684"},"modified":"2025-02-18T18:27:02","modified_gmt":"2025-02-18T17:27:02","slug":"lalca","status":"publish","type":"post","link":"https:\/\/ecole-anthropocene.fr\/?p=684","title":{"rendered":"LALCA"},"content":{"rendered":"\n<p>Laboratoire d&rsquo;Architectes, Lutteurs, Chercheurs et Artistes<\/p>\n\n\n\n<p>Association cr\u00e9\u00e9e en 2008, <a href=\"https:\/\/www.lalca.org\" data-type=\"link\" data-id=\"https:\/\/www.lalca.org\">LALCA <\/a>est un laboratoire de recherche th\u00e9orique et exp\u00e9rimentale qui tente d\u2019observer comment la ville se fabrique \u00e0 l&rsquo;encontre de ce(ux) qui l&rsquo;effraie(nt).<\/p>\n\n\n\n<p>C\u2019est aussi un lieu de production d&rsquo;exp\u00e9riences artistiques ; sonores, plastiques et urbaines, qui prennent vie dans les territoires o\u00f9 l&rsquo;on s&rsquo;inscrit et avec les personnes qui n&rsquo;ont bien souvent pas voix au chapitre.<\/p>\n\n\n\n<p>Ainsi Lalca tente de suivre les chemins du \u00e0-c\u00f4t\u00e9 et du \u00e0-venir urbain, et d&rsquo;inscrire ses projets dans une r\u00e9flexion sur l&rsquo;habiter questionnant n\u00e9cessairement l&rsquo;histoire de nos soci\u00e9t\u00e9s contemporaines, la place des \u00e9trangers dans la ville, la mobilit\u00e9 bien souvent li\u00e9e \u00e0 la pr\u00e9carit\u00e9 du travail, la dangerosit\u00e9 de la mus\u00e9ification et de fa\u00e7on plus po\u00e9tique, la place des mots et de la connaissance, tout autant que la place des hommes&#8230;<\/p>\n\n\n\n<p>A l&rsquo;image du Nautilus de Jules Verne, nos projets se veulent comme autant de sous-marins urbains, qui tout \u00e0 la fois seraient des laboratoires de recherche, des lieux d&rsquo;actions et d&rsquo;expositions, notre demeure mobile et un espace de r\u00e9sistance \u00e0 la fabrique de la ville.<\/p>\n\n\n\n<p><\/p>\n","protected":false},"excerpt":{"rendered":"<p>Laboratoire d&rsquo;Architectes, Lutteurs, Chercheurs et Artistes Association cr\u00e9\u00e9e en 2008, LALCA est un laboratoire de recherche th\u00e9orique et exp\u00e9rimentale qui tente d\u2019observer comment la ville se fabrique \u00e0 l&rsquo;encontre de ce(ux) qui l&rsquo;effraie(nt). C\u2019est aussi un lieu de production d&rsquo;exp\u00e9riences artistiques ; sonores, plastiques et urbaines, qui prennent vie dans les territoires o\u00f9 l&rsquo;on s&rsquo;inscrit [&hellip;]<\/p>\n","protected":false},"author":1,"featured_media":0,"comment_status":"closed","ping_status":"open","sticky":false,"template":"","format":"standard","meta":{"inline_featured_image":false,"footnotes":""},"categories":[8],"tags":[],"class_list":["post-684","post","type-post","status-publish","format-standard","hentry","category-intervenants"],"_links":{"self":[{"href":"https:\/\/ecole-anthropocene.fr\/index.php?rest_route=\/wp\/v2\/posts\/684","targetHints":{"allow":["GET"]}}],"collection":[{"href":"https:\/\/ecole-anthropocene.fr\/index.php?rest_route=\/wp\/v2\/posts"}],"about":[{"href":"https:\/\/ecole-anthropocene.fr\/index.php?rest_route=\/wp\/v2\/types\/post"}],"author":[{"embeddable":true,"href":"https:\/\/ecole-anthropocene.fr\/index.php?rest_route=\/wp\/v2\/users\/1"}],"replies":[{"embeddable":true,"href":"https:\/\/ecole-anthropocene.fr\/index.php?rest_route=%2Fwp%2Fv2%2Fcomments&post=684"}],"version-history":[{"count":4,"href":"https:\/\/ecole-anthropocene.fr\/index.php?rest_route=\/wp\/v2\/posts\/684\/revisions"}],"predecessor-version":[{"id":1531,"href":"https:\/\/ecole-anthropocene.fr\/index.php?rest_route=\/wp\/v2\/posts\/684\/revisions\/1531"}],"wp:attachment":[{"href":"https:\/\/ecole-anthropocene.fr\/index.php?rest_route=%2Fwp%2Fv2%2Fmedia&parent=684"}],"wp:term":[{"taxonomy":"category","embeddable":true,"href":"https:\/\/ecole-anthropocene.fr\/index.php?rest_route=%2Fwp%2Fv2%2Fcategories&post=684"},{"taxonomy":"post_tag","embeddable":true,"href":"https:\/\/ecole-anthropocene.fr\/index.php?rest_route=%2Fwp%2Fv2%2Ftags&post=684"}],"curies":[{"name":"wp","href":"https:\/\/api.w.org\/{rel}","templated":true}]}}